{"id":6117,"date":"2026-03-30T17:03:31","date_gmt":"2026-03-30T20:03:31","guid":{"rendered":"https:\/\/opiniaoemdebate.com.br\/?p=6117"},"modified":"2026-03-30T17:03:33","modified_gmt":"2026-03-30T20:03:33","slug":"palmas-implanta-sistema-nacional-e-moderniza-atendimento-da-guarda-metropolitana","status":"publish","type":"post","link":"https:\/\/opiniaoemdebate.com.br\/index.php\/2026\/03\/30\/palmas-implanta-sistema-nacional-e-moderniza-atendimento-da-guarda-metropolitana\/","title":{"rendered":"Palmas implanta sistema nacional e moderniza atendimento da Guarda Metropolitana"},"content":{"rendered":"\n<p>Nesta segunda-feira, 30, a Guarda Metropolitana de Palmas iniciou a implanta\u00e7\u00e3o do Sistema Nacional de Informa\u00e7\u00f5es de Seguran\u00e7a P\u00fablica (Sinesp) com a Central de Atendimento e Despacho (CAD 3.0), sistema nacional disponibilizado pelo Minist\u00e9rio da Justi\u00e7a e Seguran\u00e7a P\u00fablica, sem custos para o munic\u00edpio. A mudan\u00e7a de sistema conta com o apoio de uma equipe t\u00e9cnica da Secretaria Nacional de Seguran\u00e7a P\u00fablica (Senasp), que est\u00e1 em Palmas para realizar a instala\u00e7\u00e3o e orientar os profissionais da corpora\u00e7\u00e3o.<\/p>\n\n\n\n<p>A ado\u00e7\u00e3o do novo sistema representa um marco para a seguran\u00e7a p\u00fablica municipal, tornando a Guarda Metropolitana de Palmas a primeira da Regi\u00e3o Norte a receber a vers\u00e3o mais atualizada da plataforma. O recurso fortalece a integra\u00e7\u00e3o com bases de dados nacionais e amplia a capacidade de resposta das equipes, garantindo mais efici\u00eancia, agilidade e precis\u00e3o no atendimento \u00e0s ocorr\u00eancias.<\/p>\n\n\n\n<p>Entre as principais inova\u00e7\u00f5es do sistema, destaca-se a possibilidade de localiza\u00e7\u00e3o das chamadas de emerg\u00eancia por meio do GPS do dispositivo do solicitante, al\u00e9m do recebimento autom\u00e1tico das ocorr\u00eancias pelos agentes, defini\u00e7\u00e3o de rotas mais r\u00e1pidas e comunica\u00e7\u00e3o direta com a Central de Atendimento.<\/p>\n\n\n\n<p>De acordo com o coordenador-geral do Sinesp, Rafael Rodrigues, a nova vers\u00e3o do sistema representa um avan\u00e7o tecnol\u00f3gico importante para as for\u00e7as de seguran\u00e7a. \u201cEssa \u00e9 uma vers\u00e3o mais atualizada, com recursos tecnol\u00f3gicos avan\u00e7ados, que permite \u00e0 Guarda ter acesso a uma central de atendimento direto com o cidad\u00e3o e localizar a chamada de emerg\u00eancia por meio do GPS do dispositivo do solicitante\u201d.<\/p>\n\n\n\n<p>\u201cEssa mudan\u00e7a representa um avan\u00e7o importante para a Guarda Metropolitana, pois amplia nossa capacidade de resposta, melhora a comunica\u00e7\u00e3o entre as equipes e garante mais efici\u00eancia no atendimento das ocorr\u00eancias, refletindo diretamente na qualidade do servi\u00e7o oferecido \u00e0 popula\u00e7\u00e3o\u201d, disse o coordenador da Divis\u00e3o do Sistema Integrado de Opera\u00e7\u00f5es (Siop) da Guarda Metropolitana de Palmas, inspetor Josivaldo Madalena Silva, destacando a relev\u00e2ncia da implanta\u00e7\u00e3o para o fortalecimento institucional e para a melhoria dos servi\u00e7os prestados \u00e0 popula\u00e7\u00e3o.<\/p>\n\n\n\n<figure class=\"wp-block-image size-large\"><img loading=\"lazy\" decoding=\"async\" width=\"1024\" height=\"682\" src=\"http:\/\/opiniaoemdebate.com.br\/wp-content\/uploads\/2026\/03\/Mudanca-conta-com-equipe-tecnica-da-Secretaria-Nacional-de-Seguranca-Publica-Foto-Francisco-Barros-1024x682.jpeg\" alt=\"\" class=\"wp-image-6118\" srcset=\"https:\/\/opiniaoemdebate.com.br\/wp-content\/uploads\/2026\/03\/Mudanca-conta-com-equipe-tecnica-da-Secretaria-Nacional-de-Seguranca-Publica-Foto-Francisco-Barros-1024x682.jpeg 1024w, https:\/\/opiniaoemdebate.com.br\/wp-content\/uploads\/2026\/03\/Mudanca-conta-com-equipe-tecnica-da-Secretaria-Nacional-de-Seguranca-Publica-Foto-Francisco-Barros-300x200.jpeg 300w, https:\/\/opiniaoemdebate.com.br\/wp-content\/uploads\/2026\/03\/Mudanca-conta-com-equipe-tecnica-da-Secretaria-Nacional-de-Seguranca-Publica-Foto-Francisco-Barros-768x512.jpeg 768w, https:\/\/opiniaoemdebate.com.br\/wp-content\/uploads\/2026\/03\/Mudanca-conta-com-equipe-tecnica-da-Secretaria-Nacional-de-Seguranca-Publica-Foto-Francisco-Barros-1536x1024.jpeg 1536w, https:\/\/opiniaoemdebate.com.br\/wp-content\/uploads\/2026\/03\/Mudanca-conta-com-equipe-tecnica-da-Secretaria-Nacional-de-Seguranca-Publica-Foto-Francisco-Barros-2048x1365.jpeg 2048w, https:\/\/opiniaoemdebate.com.br\/wp-content\/uploads\/2026\/03\/Mudanca-conta-com-equipe-tecnica-da-Secretaria-Nacional-de-Seguranca-Publica-Foto-Francisco-Barros-630x420.jpeg 630w, https:\/\/opiniaoemdebate.com.br\/wp-content\/uploads\/2026\/03\/Mudanca-conta-com-equipe-tecnica-da-Secretaria-Nacional-de-Seguranca-Publica-Foto-Francisco-Barros-696x464.jpeg 696w, https:\/\/opiniaoemdebate.com.br\/wp-content\/uploads\/2026\/03\/Mudanca-conta-com-equipe-tecnica-da-Secretaria-Nacional-de-Seguranca-Publica-Foto-Francisco-Barros-1068x712.jpeg 1068w, https:\/\/opiniaoemdebate.com.br\/wp-content\/uploads\/2026\/03\/Mudanca-conta-com-equipe-tecnica-da-Secretaria-Nacional-de-Seguranca-Publica-Foto-Francisco-Barros-1920x1280.jpeg 1920w\" sizes=\"auto, (max-width: 1024px) 100vw, 1024px\" \/><figcaption class=\"wp-element-caption\">Mudan\u00e7a conta com equipe t\u00e9cnica da Secretaria N &#8230; e Seguran\u00e7a P\u00fablica &#8211; Foto Francisco Barros<\/figcaption><\/figure>\n\n\n\n<figure class=\"wp-block-image size-large\"><img loading=\"lazy\" decoding=\"async\" width=\"1024\" height=\"682\" src=\"http:\/\/opiniaoemdebate.com.br\/wp-content\/uploads\/2026\/03\/Guarda-passa-a-ter-acesso-a-central-de-atendimento-direto-com-o-cidadao-e-localizar-a-chamada-de-emergencia-por-meio-do-GPS-do-dispositivo-do-solicitante.-Foto-Francisco-Barros-1024x682.jpeg\" alt=\"\" class=\"wp-image-6119\" srcset=\"https:\/\/opiniaoemdebate.com.br\/wp-content\/uploads\/2026\/03\/Guarda-passa-a-ter-acesso-a-central-de-atendimento-direto-com-o-cidadao-e-localizar-a-chamada-de-emergencia-por-meio-do-GPS-do-dispositivo-do-solicitante.-Foto-Francisco-Barros-1024x682.jpeg 1024w, https:\/\/opiniaoemdebate.com.br\/wp-content\/uploads\/2026\/03\/Guarda-passa-a-ter-acesso-a-central-de-atendimento-direto-com-o-cidadao-e-localizar-a-chamada-de-emergencia-por-meio-do-GPS-do-dispositivo-do-solicitante.-Foto-Francisco-Barros-300x200.jpeg 300w, https:\/\/opiniaoemdebate.com.br\/wp-content\/uploads\/2026\/03\/Guarda-passa-a-ter-acesso-a-central-de-atendimento-direto-com-o-cidadao-e-localizar-a-chamada-de-emergencia-por-meio-do-GPS-do-dispositivo-do-solicitante.-Foto-Francisco-Barros-768x512.jpeg 768w, https:\/\/opiniaoemdebate.com.br\/wp-content\/uploads\/2026\/03\/Guarda-passa-a-ter-acesso-a-central-de-atendimento-direto-com-o-cidadao-e-localizar-a-chamada-de-emergencia-por-meio-do-GPS-do-dispositivo-do-solicitante.-Foto-Francisco-Barros-1536x1024.jpeg 1536w, https:\/\/opiniaoemdebate.com.br\/wp-content\/uploads\/2026\/03\/Guarda-passa-a-ter-acesso-a-central-de-atendimento-direto-com-o-cidadao-e-localizar-a-chamada-de-emergencia-por-meio-do-GPS-do-dispositivo-do-solicitante.-Foto-Francisco-Barros-2048x1365.jpeg 2048w, https:\/\/opiniaoemdebate.com.br\/wp-content\/uploads\/2026\/03\/Guarda-passa-a-ter-acesso-a-central-de-atendimento-direto-com-o-cidadao-e-localizar-a-chamada-de-emergencia-por-meio-do-GPS-do-dispositivo-do-solicitante.-Foto-Francisco-Barros-630x420.jpeg 630w, https:\/\/opiniaoemdebate.com.br\/wp-content\/uploads\/2026\/03\/Guarda-passa-a-ter-acesso-a-central-de-atendimento-direto-com-o-cidadao-e-localizar-a-chamada-de-emergencia-por-meio-do-GPS-do-dispositivo-do-solicitante.-Foto-Francisco-Barros-696x464.jpeg 696w, https:\/\/opiniaoemdebate.com.br\/wp-content\/uploads\/2026\/03\/Guarda-passa-a-ter-acesso-a-central-de-atendimento-direto-com-o-cidadao-e-localizar-a-chamada-de-emergencia-por-meio-do-GPS-do-dispositivo-do-solicitante.-Foto-Francisco-Barros-1068x712.jpeg 1068w, https:\/\/opiniaoemdebate.com.br\/wp-content\/uploads\/2026\/03\/Guarda-passa-a-ter-acesso-a-central-de-atendimento-direto-com-o-cidadao-e-localizar-a-chamada-de-emergencia-por-meio-do-GPS-do-dispositivo-do-solicitante.-Foto-Francisco-Barros-1920x1280.jpeg 1920w\" sizes=\"auto, (max-width: 1024px) 100vw, 1024px\" \/><figcaption class=\"wp-element-caption\">Guarda passa a ter acesso a central de atendimento &#8230; sitivo do solicitante. &#8211; Foto Francisco Barros<\/figcaption><\/figure>\n\n\n\n<p><\/p>\n","protected":false},"excerpt":{"rendered":"<p>Nova Central de Atendimento e Despacho amplia integra\u00e7\u00e3o com bases nacionais e garante mais agilidade nas ocorr\u00eancias<\/p>\n","protected":false},"author":1,"featured_media":6118,"comment_status":"open","ping_status":"open","sticky":false,"template":"","format":"standard","meta":{"footnotes":""},"categories":[32],"tags":[],"class_list":{"0":"post-6117","1":"post","2":"type-post","3":"status-publish","4":"format-standard","5":"has-post-thumbnail","7":"category-podcasts"},"_links":{"self":[{"href":"https:\/\/opiniaoemdebate.com.br\/index.php\/wp-json\/wp\/v2\/posts\/6117","targetHints":{"allow":["GET"]}}],"collection":[{"href":"https:\/\/opiniaoemdebate.com.br\/index.php\/wp-json\/wp\/v2\/posts"}],"about":[{"href":"https:\/\/opiniaoemdebate.com.br\/index.php\/wp-json\/wp\/v2\/types\/post"}],"author":[{"embeddable":true,"href":"https:\/\/opiniaoemdebate.com.br\/index.php\/wp-json\/wp\/v2\/users\/1"}],"replies":[{"embeddable":true,"href":"https:\/\/opiniaoemdebate.com.br\/index.php\/wp-json\/wp\/v2\/comments?post=6117"}],"version-history":[{"count":1,"href":"https:\/\/opiniaoemdebate.com.br\/index.php\/wp-json\/wp\/v2\/posts\/6117\/revisions"}],"predecessor-version":[{"id":6120,"href":"https:\/\/opiniaoemdebate.com.br\/index.php\/wp-json\/wp\/v2\/posts\/6117\/revisions\/6120"}],"wp:featuredmedia":[{"embeddable":true,"href":"https:\/\/opiniaoemdebate.com.br\/index.php\/wp-json\/wp\/v2\/media\/6118"}],"wp:attachment":[{"href":"https:\/\/opiniaoemdebate.com.br\/index.php\/wp-json\/wp\/v2\/media?parent=6117"}],"wp:term":[{"taxonomy":"category","embeddable":true,"href":"https:\/\/opiniaoemdebate.com.br\/index.php\/wp-json\/wp\/v2\/categories?post=6117"},{"taxonomy":"post_tag","embeddable":true,"href":"https:\/\/opiniaoemdebate.com.br\/index.php\/wp-json\/wp\/v2\/tags?post=6117"}],"curies":[{"name":"wp","href":"https:\/\/api.w.org\/{rel}","templated":true}]}}