{"id":6121,"date":"2026-03-31T17:11:26","date_gmt":"2026-03-31T20:11:26","guid":{"rendered":"https:\/\/opiniaoemdebate.com.br\/?p=6121"},"modified":"2026-03-31T17:11:27","modified_gmt":"2026-03-31T20:11:27","slug":"governo-do-tocantins-leva-caravana-da-mulher-a-marianopolis-e-soma-754-atendimentos-em-comunidades-rurais","status":"publish","type":"post","link":"https:\/\/opiniaoemdebate.com.br\/index.php\/2026\/03\/31\/governo-do-tocantins-leva-caravana-da-mulher-a-marianopolis-e-soma-754-atendimentos-em-comunidades-rurais\/","title":{"rendered":"Governo do Tocantins leva Caravana da Mulher a Marian\u00f3polis e soma 754 atendimentos em comunidades rurais"},"content":{"rendered":"\n<p><strong>Lorena Lira\/Governo do Tocantins<\/strong><\/p>\n\n\n\n<p>A atua\u00e7\u00e3o do Governo do Tocantins, por meio da Secretaria de Estado da Mulher (SecMulher),&nbsp;nos dias 26 e 27, em Marian\u00f3polis, resultou em um volume expressivo de atendimentos com a realiza\u00e7\u00e3o da&nbsp;<em>Caravana da Mulher \u2013 Todas Fortes por Elas<\/em>. A a\u00e7\u00e3o alcan\u00e7ou comunidades com acesso limitado a servi\u00e7os p\u00fablicos e ampliou a presen\u00e7a do Estado em \u00e1reas estrat\u00e9gicas.&nbsp;&nbsp;<\/p>\n\n\n\n<p>Ao longo de dois dias de a\u00e7\u00e3o, a iniciativa totalizou 754 atendimentos, resultado da soma das atividades realizadas no Assentamento Manchete, com 466 atendimentos, e no distrito de Piracema, que registrou 288 atendimentos. O n\u00famero evidencia a capacidade operacional da caravana e o alcance efetivo das pol\u00edticas p\u00fablicas voltadas \u00e0s mulheres e suas fam\u00edlias.<\/p>\n\n\n\n<p>Para a coordenadora do projeto, Edleya Cursino, a a\u00e7\u00e3o reafirma o compromisso do Governo com a interioriza\u00e7\u00e3o das pol\u00edticas p\u00fablicas. \u201cEstamos tratando de uma estrat\u00e9gia concreta de presen\u00e7a do Estado em regi\u00f5es que historicamente tiveram acesso limitado aos servi\u00e7os p\u00fablicos. A Caravana organiza, integra e entrega pol\u00edticas que impactam diretamente a vida das mulheres, promovendo autonomia, cidadania e inclus\u00e3o de forma efetiva\u201d, destacou.<\/p>\n\n\n\n<p>No Assentamento Manchete, a estrutura mobilizada garantiu a oferta de servi\u00e7os essenciais, incluindo emiss\u00e3o de documentos, atendimentos institucionais e atividades de qualifica\u00e7\u00e3o, concentrando o maior volume de atendimentos da a\u00e7\u00e3o no munic\u00edpio.<\/p>\n\n\n\n<p>J\u00e1 no distrito de Piracema, a programa\u00e7\u00e3o integrou servi\u00e7os diretos e atividades formativas, com destaque para 18 cortes de cabelo, 22 participa\u00e7\u00f5es na oficina de temperos, 18 atendimentos na oficina de tran\u00e7as, 30 atendimentos na oficina de olericultura e 100 atendimentos gerais. Tamb\u00e9m foram realizados 50 atendimentos pela Secretaria da Seguran\u00e7a P\u00fablica (SSP) e outros 50 pela Justi\u00e7a Eleitoral, ampliando o acesso da popula\u00e7\u00e3o a servi\u00e7os de cidadania.<\/p>\n\n\n\n<p>A execu\u00e7\u00e3o da caravana contou com a articula\u00e7\u00e3o de diferentes \u00f3rg\u00e3os e parceiros, entre eles a Secretaria da Seguran\u00e7a P\u00fablica do Tocantins (SSP\/TO), a Secretaria do Trabalho e Desenvolvimento Social (Setas), o Servi\u00e7o Nacional de Aprendizagem Rural (Senar), a Justi\u00e7a Eleitoral, a Secretaria da Cidadania e Justi\u00e7a (Seciju) e a Secretaria da Agricultura e Pecu\u00e1ria (Seagro), al\u00e9m do apoio da Prefeitura de Marian\u00f3polis e de profissionais locais, evidenciando a integra\u00e7\u00e3o institucional como fator determinante para a entrega dos servi\u00e7os.<\/p>\n\n\n\n<p>Ao alcan\u00e7ar comunidades como Manchete e Piracema, a Caravana da Mulher refor\u00e7a uma estrat\u00e9gia que vai al\u00e9m da oferta pontual de atendimentos: atua na redu\u00e7\u00e3o de desigualdades de acesso, interioriza pol\u00edticas p\u00fablicas e estabelece presen\u00e7a cont\u00ednua do poder p\u00fablico em regi\u00f5es historicamente menos assistidas.<\/p>\n\n\n\n<p><strong>Fotos: Divulga\u00e7\u00e3o SecMulher\/Governo do Tocantins<\/strong><\/p>\n\n\n\n<figure class=\"wp-block-image size-large\"><img loading=\"lazy\" decoding=\"async\" width=\"1024\" height=\"576\" src=\"http:\/\/opiniaoemdebate.com.br\/wp-content\/uploads\/2026\/03\/Foto-01-13-1024x576.jpeg\" alt=\"\" class=\"wp-image-6125\" srcset=\"https:\/\/opiniaoemdebate.com.br\/wp-content\/uploads\/2026\/03\/Foto-01-13-1024x576.jpeg 1024w, https:\/\/opiniaoemdebate.com.br\/wp-content\/uploads\/2026\/03\/Foto-01-13-300x169.jpeg 300w, https:\/\/opiniaoemdebate.com.br\/wp-content\/uploads\/2026\/03\/Foto-01-13-768x432.jpeg 768w, https:\/\/opiniaoemdebate.com.br\/wp-content\/uploads\/2026\/03\/Foto-01-13-747x420.jpeg 747w, https:\/\/opiniaoemdebate.com.br\/wp-content\/uploads\/2026\/03\/Foto-01-13-696x392.jpeg 696w, https:\/\/opiniaoemdebate.com.br\/wp-content\/uploads\/2026\/03\/Foto-01-13-1068x601.jpeg 1068w, https:\/\/opiniaoemdebate.com.br\/wp-content\/uploads\/2026\/03\/Foto-01-13.jpeg 1280w\" sizes=\"auto, (max-width: 1024px) 100vw, 1024px\" \/><figcaption class=\"wp-element-caption\">Ao longo de dois dias de a\u00e7\u00e3o, a iniciativa totalizou 754 atendimentos<\/figcaption><\/figure>\n\n\n\n<figure class=\"wp-block-image size-large\"><img loading=\"lazy\" decoding=\"async\" width=\"1024\" height=\"576\" src=\"http:\/\/opiniaoemdebate.com.br\/wp-content\/uploads\/2026\/03\/Foto-02-6-1024x576.jpeg\" alt=\"\" class=\"wp-image-6123\" srcset=\"https:\/\/opiniaoemdebate.com.br\/wp-content\/uploads\/2026\/03\/Foto-02-6-1024x576.jpeg 1024w, https:\/\/opiniaoemdebate.com.br\/wp-content\/uploads\/2026\/03\/Foto-02-6-300x169.jpeg 300w, https:\/\/opiniaoemdebate.com.br\/wp-content\/uploads\/2026\/03\/Foto-02-6-768x432.jpeg 768w, https:\/\/opiniaoemdebate.com.br\/wp-content\/uploads\/2026\/03\/Foto-02-6-747x420.jpeg 747w, https:\/\/opiniaoemdebate.com.br\/wp-content\/uploads\/2026\/03\/Foto-02-6-696x392.jpeg 696w, https:\/\/opiniaoemdebate.com.br\/wp-content\/uploads\/2026\/03\/Foto-02-6-1068x601.jpeg 1068w, https:\/\/opiniaoemdebate.com.br\/wp-content\/uploads\/2026\/03\/Foto-02-6.jpeg 1280w\" sizes=\"auto, (max-width: 1024px) 100vw, 1024px\" \/><figcaption class=\"wp-element-caption\">Oficinas pr\u00e1ticas promovem gera\u00e7\u00e3o de renda e fortalecem a autonomia das mulheres atendidas<\/figcaption><\/figure>\n\n\n\n<figure class=\"wp-block-image size-large\"><img loading=\"lazy\" decoding=\"async\" width=\"1024\" height=\"576\" src=\"http:\/\/opiniaoemdebate.com.br\/wp-content\/uploads\/2026\/03\/Foto-03-6-1024x576.jpeg\" alt=\"\" class=\"wp-image-6124\" srcset=\"https:\/\/opiniaoemdebate.com.br\/wp-content\/uploads\/2026\/03\/Foto-03-6-1024x576.jpeg 1024w, https:\/\/opiniaoemdebate.com.br\/wp-content\/uploads\/2026\/03\/Foto-03-6-300x169.jpeg 300w, https:\/\/opiniaoemdebate.com.br\/wp-content\/uploads\/2026\/03\/Foto-03-6-768x432.jpeg 768w, https:\/\/opiniaoemdebate.com.br\/wp-content\/uploads\/2026\/03\/Foto-03-6-747x420.jpeg 747w, https:\/\/opiniaoemdebate.com.br\/wp-content\/uploads\/2026\/03\/Foto-03-6-696x392.jpeg 696w, https:\/\/opiniaoemdebate.com.br\/wp-content\/uploads\/2026\/03\/Foto-03-6-1068x601.jpeg 1068w, https:\/\/opiniaoemdebate.com.br\/wp-content\/uploads\/2026\/03\/Foto-03-6.jpeg 1280w\" sizes=\"auto, (max-width: 1024px) 100vw, 1024px\" \/><figcaption class=\"wp-element-caption\">Corte de cabelo ofertado pela Setas<\/figcaption><\/figure>\n\n\n\n<figure class=\"wp-block-image size-large\"><img loading=\"lazy\" decoding=\"async\" width=\"1024\" height=\"568\" src=\"http:\/\/opiniaoemdebate.com.br\/wp-content\/uploads\/2026\/03\/Foto-04-5-1024x568.jpeg\" alt=\"\" class=\"wp-image-6122\" srcset=\"https:\/\/opiniaoemdebate.com.br\/wp-content\/uploads\/2026\/03\/Foto-04-5-1024x568.jpeg 1024w, https:\/\/opiniaoemdebate.com.br\/wp-content\/uploads\/2026\/03\/Foto-04-5-300x166.jpeg 300w, https:\/\/opiniaoemdebate.com.br\/wp-content\/uploads\/2026\/03\/Foto-04-5-768x426.jpeg 768w, https:\/\/opiniaoemdebate.com.br\/wp-content\/uploads\/2026\/03\/Foto-04-5-757x420.jpeg 757w, https:\/\/opiniaoemdebate.com.br\/wp-content\/uploads\/2026\/03\/Foto-04-5-696x385.jpeg 696w, https:\/\/opiniaoemdebate.com.br\/wp-content\/uploads\/2026\/03\/Foto-04-5-1068x592.jpeg 1068w, https:\/\/opiniaoemdebate.com.br\/wp-content\/uploads\/2026\/03\/Foto-04-5.jpeg 1320w\" sizes=\"auto, (max-width: 1024px) 100vw, 1024px\" \/><figcaption class=\"wp-element-caption\">Para a coordenadora do projeto, Edleya Cursino, a a\u00e7\u00e3o reafirma o compromisso do Governo com a interioriza\u00e7\u00e3o das pol\u00edticas p\u00fablicas<\/figcaption><\/figure>\n\n\n\n<p><\/p>\n","protected":false},"excerpt":{"rendered":"<p>A\u00e7\u00e3o coordenada pela SecMulher amplia acesso a servi\u00e7os p\u00fablicos e refor\u00e7a presen\u00e7a institucional no interior do estado<\/p>\n","protected":false},"author":1,"featured_media":6125,"comment_status":"open","ping_status":"open","sticky":false,"template":"","format":"standard","meta":{"footnotes":""},"categories":[32,3],"tags":[],"class_list":{"0":"post-6121","1":"post","2":"type-post","3":"status-publish","4":"format-standard","5":"has-post-thumbnail","7":"category-podcasts","8":"category-radio"},"_links":{"self":[{"href":"https:\/\/opiniaoemdebate.com.br\/index.php\/wp-json\/wp\/v2\/posts\/6121","targetHints":{"allow":["GET"]}}],"collection":[{"href":"https:\/\/opiniaoemdebate.com.br\/index.php\/wp-json\/wp\/v2\/posts"}],"about":[{"href":"https:\/\/opiniaoemdebate.com.br\/index.php\/wp-json\/wp\/v2\/types\/post"}],"author":[{"embeddable":true,"href":"https:\/\/opiniaoemdebate.com.br\/index.php\/wp-json\/wp\/v2\/users\/1"}],"replies":[{"embeddable":true,"href":"https:\/\/opiniaoemdebate.com.br\/index.php\/wp-json\/wp\/v2\/comments?post=6121"}],"version-history":[{"count":1,"href":"https:\/\/opiniaoemdebate.com.br\/index.php\/wp-json\/wp\/v2\/posts\/6121\/revisions"}],"predecessor-version":[{"id":6126,"href":"https:\/\/opiniaoemdebate.com.br\/index.php\/wp-json\/wp\/v2\/posts\/6121\/revisions\/6126"}],"wp:featuredmedia":[{"embeddable":true,"href":"https:\/\/opiniaoemdebate.com.br\/index.php\/wp-json\/wp\/v2\/media\/6125"}],"wp:attachment":[{"href":"https:\/\/opiniaoemdebate.com.br\/index.php\/wp-json\/wp\/v2\/media?parent=6121"}],"wp:term":[{"taxonomy":"category","embeddable":true,"href":"https:\/\/opiniaoemdebate.com.br\/index.php\/wp-json\/wp\/v2\/categories?post=6121"},{"taxonomy":"post_tag","embeddable":true,"href":"https:\/\/opiniaoemdebate.com.br\/index.php\/wp-json\/wp\/v2\/tags?post=6121"}],"curies":[{"name":"wp","href":"https:\/\/api.w.org\/{rel}","templated":true}]}}