{"id":6127,"date":"2026-04-01T15:04:53","date_gmt":"2026-04-01T18:04:53","guid":{"rendered":"https:\/\/opiniaoemdebate.com.br\/?p=6127"},"modified":"2026-04-01T15:05:00","modified_gmt":"2026-04-01T18:05:00","slug":"prefeitura-de-palmas-abre-inscricoes-para-o-servico-de-acolhimento-em-familia-acolhedora","status":"publish","type":"post","link":"https:\/\/opiniaoemdebate.com.br\/index.php\/2026\/04\/01\/prefeitura-de-palmas-abre-inscricoes-para-o-servico-de-acolhimento-em-familia-acolhedora\/","title":{"rendered":"Prefeitura de Palmas abre inscri\u00e7\u00f5es para o Servi\u00e7o de Acolhimento em Fam\u00edlia Acolhedora"},"content":{"rendered":"\n<p>A Prefeitura de Palmas, por meio da Secretaria Municipal de Desenvolvimento Social (Sedes), abre nesta quarta-feira, 1\u00ba, as inscri\u00e7\u00f5es para a sele\u00e7\u00e3o de fam\u00edlias interessadas no Servi\u00e7o de Acolhimento em Fam\u00edlia Acolhedora. O prazo final \u00e9 30 de junho e os interessados podem clicar aqui ou irem \u00e0 Sedes, na Avenida LO-01, Quadra ACSE 1 (104 Sul), Conjunto 4, Lote 34.<\/p>\n\n\n\n<p>O objetivo \u00e9 acolher crian\u00e7as e adolescentes em situa\u00e7\u00e3o de abandono ou com direitos amea\u00e7ados ou violados no contexto familiar e que s\u00e3o afastados da fam\u00edlia de origem por determina\u00e7\u00e3o judicial. \u201cO Servi\u00e7o de Acolhimento em Fam\u00edlia Acolhedora tem amparo legal e oferece \u00e0s crian\u00e7as e adolescentes um ambiente familiar seguro para um desenvolvimento saud\u00e1vel. Os candidatos passam por crit\u00e9rios de avalia\u00e7\u00e3o e recebem aux\u00edlio do poder p\u00fablico enquanto prestarem os cuidados\u201d, afirmou a superintendente de Prote\u00e7\u00e3o Social Especial da Sedes, Marlucy Albuquerque.<\/p>\n\n\n\n<p>A equipe t\u00e9cnica do Servi\u00e7o de Acolhimento em Fam\u00edlia Acolhedora da Sedes \u00e9 a respons\u00e1vel pela sele\u00e7\u00e3o das fam\u00edlias, que receber\u00e3o uma bolsa-aux\u00edlio custeada mediante os recursos alocados junto ao Munic\u00edpio, com dota\u00e7\u00e3o or\u00e7ament\u00e1ria espec\u00edfica, por crian\u00e7a ou adolescente, no valor de at\u00e9 um sal\u00e1rio-m\u00ednimo.<\/p>\n\n\n\n<p><strong>Crit\u00e9rios<\/strong><br>Entre os requisitos para a fam\u00edlia interessada est\u00e3o: residir no munic\u00edpio de Palmas; ser maior de 21 anos (sem restri\u00e7\u00e3o de g\u00eanero ou estado civil); o respons\u00e1vel pela guarda ser, pelo menos, 16 anos mais velho que o acolhido; comprovar boas condi\u00e7\u00f5es de sa\u00fade f\u00edsica e mental e n\u00e3o apresentar problemas com uso de subst\u00e2ncias psicoativas.<\/p>\n\n\n\n<p>Al\u00e9m disso, \u00e9 necess\u00e1rio apresentar Declara\u00e7\u00e3o de Desinteresse em Ado\u00e7\u00e3o, comprovando que n\u00e3o possui interesse na ado\u00e7\u00e3o da crian\u00e7a e\/ou adolescente participante do Servi\u00e7o de Acolhimento em Fam\u00edlias Acolhedoras, e comprovar que n\u00e3o est\u00e1 possui cadastro no Sistema Nacional de Ado\u00e7\u00e3o (SNA), entre outros crit\u00e9rios que constam no edital.<\/p>\n\n\n\n<figure class=\"wp-block-image size-full\"><img loading=\"lazy\" decoding=\"async\" width=\"640\" height=\"427\" src=\"https:\/\/opiniaoemdebate.com.br\/wp-content\/uploads\/2026\/04\/milias-serao-selecionadas-pela-equipe-tecnica-da-Sedes-Luiz-Silveira-CNJ.jpg\" alt=\"\" class=\"wp-image-6128\" srcset=\"https:\/\/opiniaoemdebate.com.br\/wp-content\/uploads\/2026\/04\/milias-serao-selecionadas-pela-equipe-tecnica-da-Sedes-Luiz-Silveira-CNJ.jpg 640w, https:\/\/opiniaoemdebate.com.br\/wp-content\/uploads\/2026\/04\/milias-serao-selecionadas-pela-equipe-tecnica-da-Sedes-Luiz-Silveira-CNJ-300x200.jpg 300w, https:\/\/opiniaoemdebate.com.br\/wp-content\/uploads\/2026\/04\/milias-serao-selecionadas-pela-equipe-tecnica-da-Sedes-Luiz-Silveira-CNJ-630x420.jpg 630w\" sizes=\"auto, (max-width: 640px) 100vw, 640px\" \/><figcaption class=\"wp-element-caption\">Fam\u00edlias ser\u00e3o selecionadas pela equipe t\u00e9cnica da Sedes &#8211; Luiz Silveira-CNJ<\/figcaption><\/figure>\n\n\n\n<p><\/p>\n","protected":false},"excerpt":{"rendered":"<p>Interessados t\u00eam at\u00e9 30 de junho para se inscreverem presencial ou on-line.<\/p>\n","protected":false},"author":1,"featured_media":6128,"comment_status":"open","ping_status":"open","sticky":false,"template":"","format":"standard","meta":{"footnotes":""},"categories":[32],"tags":[],"class_list":{"0":"post-6127","1":"post","2":"type-post","3":"status-publish","4":"format-standard","5":"has-post-thumbnail","7":"category-podcasts"},"_links":{"self":[{"href":"https:\/\/opiniaoemdebate.com.br\/index.php\/wp-json\/wp\/v2\/posts\/6127","targetHints":{"allow":["GET"]}}],"collection":[{"href":"https:\/\/opiniaoemdebate.com.br\/index.php\/wp-json\/wp\/v2\/posts"}],"about":[{"href":"https:\/\/opiniaoemdebate.com.br\/index.php\/wp-json\/wp\/v2\/types\/post"}],"author":[{"embeddable":true,"href":"https:\/\/opiniaoemdebate.com.br\/index.php\/wp-json\/wp\/v2\/users\/1"}],"replies":[{"embeddable":true,"href":"https:\/\/opiniaoemdebate.com.br\/index.php\/wp-json\/wp\/v2\/comments?post=6127"}],"version-history":[{"count":1,"href":"https:\/\/opiniaoemdebate.com.br\/index.php\/wp-json\/wp\/v2\/posts\/6127\/revisions"}],"predecessor-version":[{"id":6129,"href":"https:\/\/opiniaoemdebate.com.br\/index.php\/wp-json\/wp\/v2\/posts\/6127\/revisions\/6129"}],"wp:featuredmedia":[{"embeddable":true,"href":"https:\/\/opiniaoemdebate.com.br\/index.php\/wp-json\/wp\/v2\/media\/6128"}],"wp:attachment":[{"href":"https:\/\/opiniaoemdebate.com.br\/index.php\/wp-json\/wp\/v2\/media?parent=6127"}],"wp:term":[{"taxonomy":"category","embeddable":true,"href":"https:\/\/opiniaoemdebate.com.br\/index.php\/wp-json\/wp\/v2\/categories?post=6127"},{"taxonomy":"post_tag","embeddable":true,"href":"https:\/\/opiniaoemdebate.com.br\/index.php\/wp-json\/wp\/v2\/tags?post=6127"}],"curies":[{"name":"wp","href":"https:\/\/api.w.org\/{rel}","templated":true}]}}